{"id":227,"date":"2024-01-04T12:35:34","date_gmt":"2024-01-04T11:35:34","guid":{"rendered":"https:\/\/www.hispacomic.eu\/exposicoes\/"},"modified":"2024-01-30T13:01:37","modified_gmt":"2024-01-30T12:01:37","slug":"exposicoes","status":"publish","type":"post","link":"https:\/\/www.hispacomic.eu\/pt-pt\/exposicoes\/","title":{"rendered":"Exposi\u00e7\u00f5es"},"content":{"rendered":"&#13;\n<p class=\"wp-block-paragraph\"><strong><em>BALADA PARA SOPHIE<\/em> DE FILIPE MELO<\/strong><\/p>&#13;\n&#13;\n<p class=\"wp-block-paragraph\" style=\"text-align: justify;\">Temos o prazer de o convidar para a inaugura\u00e7\u00e3o da exposi\u00e7\u00e3o exclusiva de gravuras da fant\u00e1stica banda desenhada <em>Balada para Sophie<\/em>, uma obra-prima visual e narrativa criada pela talentosa dupla <strong>Filipe Melo<\/strong> e <strong>Juan Cavia<\/strong>. Esta exposi\u00e7\u00e3o \u00fanica oferece um olhar \u00edntimo sobre o mundo deslumbrante de <em>Ballad for Sophie<\/em>, permitindo aos visitantes mergulharem na beleza e complexidade das suas ilustra\u00e7\u00f5es.<\/p>&#13;\n&#13;\n<p class=\"wp-block-paragraph\" style=\"text-align: justify;\"><em>Ballad for Sophie<\/em> \u00e9 uma narrativa comovente que tece a hist\u00f3ria de dois pianistas virtuosos cujas vidas e carreiras tomam rumos dramaticamente opostos. Situada no contexto hist\u00f3rico e cultural do s\u00e9culo XX, esta pe\u00e7a n\u00e3o s\u00f3 capta a ess\u00eancia de uma \u00e9poca, como tamb\u00e9m explora temas universais como a rivalidade, o sacrif\u00edcio, o amor e a reden\u00e7\u00e3o.<\/p>&#13;\n&#13;\n<p class=\"wp-block-paragraph\" style=\"text-align: justify;\">A exposi\u00e7\u00e3o destaca a aten\u00e7\u00e3o meticulosa aos pormenores e a utiliza\u00e7\u00e3o magistral da cor por Juan Cavia, cujas ilustra\u00e7\u00f5es ganham vida e se tornam uma janela para as emo\u00e7\u00f5es e experi\u00eancias das personagens. Atrav\u00e9s destas placas, os visitantes podem ver de perto a t\u00e9cnica e o processo criativo por detr\u00e1s desta impressionante banda desenhada.<\/p>&#13;\n&#13;\n<p class=\"wp-block-paragraph\" style=\"text-align: justify;\">Filipe Melo, conhecido pela sua capacidade de contar hist\u00f3rias profundas e comoventes, tece uma narrativa que se entrela\u00e7a perfeitamente com as ilustra\u00e7\u00f5es de Cavia, criando uma sinfonia visual e emocional que ressoa no cora\u00e7\u00e3o dos leitores.<\/p>&#13;\n&#13;\n<p class=\"has-text-align-left wp-block-paragraph\" style=\"text-align: justify;\">Convidamo-lo a mergulhar neste mundo de beleza art\u00edstica, de hist\u00f3rias envolventes e de emo\u00e7\u00f5es palp\u00e1veis. A exposi\u00e7\u00e3o estar\u00e1 aberta ao p\u00fablico de 14 de mar\u00e7o de 2024 a 17 de mar\u00e7o de 2024 na sala MDD do CICUS. N\u00e3o perca a oportunidade de experimentar em primeira m\u00e3o a magia de <em>Ballad for Sophie<\/em> e de descobrir os segredos por detr\u00e1s das suas p\u00e1ginas deslumbrantes.<\/p>&#13;\n\r\n<figure class=\"wp-block-gallery has-nested-images columns-default is-cropped wp-block-gallery-1 is-layout-flex wp-block-gallery-is-layout-flex\">&#13;\n<figure class=\"wp-block-image size-large\"><img loading=\"lazy\" decoding=\"async\" width=\"1024\" height=\"749\" data-id=\"127\" class=\"wp-image-127\" src=\"https:\/\/www.hispacomic.eu\/wp-content\/uploads\/2024\/01\/bs1-1024x749.jpg\" alt=\"\" srcset=\"https:\/\/www.hispacomic.eu\/wp-content\/uploads\/2024\/01\/bs1-1024x749.jpg 1024w, https:\/\/www.hispacomic.eu\/wp-content\/uploads\/2024\/01\/bs1-300x220.jpg 300w, https:\/\/www.hispacomic.eu\/wp-content\/uploads\/2024\/01\/bs1-768x562.jpg 768w, https:\/\/www.hispacomic.eu\/wp-content\/uploads\/2024\/01\/bs1.jpg 1200w\" sizes=\"auto, (max-width: 1024px) 100vw, 1024px\" \/><\/figure>&#13;\n<\/figure>\r\n","protected":false},"excerpt":{"rendered":"<p>&#13; BALADA PARA SOPHIE DE FILIPE MELO &#13; &#13; Temos o prazer de o convidar para a inaugura\u00e7\u00e3o da exposi\u00e7\u00e3o exclusiva de gravuras da fant\u00e1stica banda desenhada Balada para Sophie, uma obra-prima visual e narrativa criada pela talentosa dupla Filipe Melo e Juan Cavia. Esta exposi\u00e7\u00e3o \u00fanica oferece um olhar \u00edntimo sobre o mundo deslumbrante [&hellip;]<\/p>\n","protected":false},"author":1,"featured_media":0,"comment_status":"closed","ping_status":"closed","sticky":false,"template":"","format":"standard","meta":{"_crdt_document":"","site-sidebar-layout":"default","site-content-layout":"","ast-site-content-layout":"default","site-content-style":"default","site-sidebar-style":"default","ast-global-header-display":"","ast-banner-title-visibility":"","ast-main-header-display":"","ast-hfb-above-header-display":"","ast-hfb-below-header-display":"","ast-hfb-mobile-header-display":"","site-post-title":"","ast-breadcrumbs-content":"","ast-featured-img":"","footer-sml-layout":"","ast-disable-related-posts":"","theme-transparent-header-meta":"default","adv-header-id-meta":"","stick-header-meta":"","header-above-stick-meta":"","header-main-stick-meta":"","header-below-stick-meta":"","astra-migrate-meta-layouts":"default","ast-page-background-enabled":"default","ast-page-background-meta":{"desktop":{"background-color":"var(--ast-global-color-4)","background-image":"","background-repeat":"repeat","background-position":"center center","background-size":"auto","background-attachment":"scroll","background-type":"","background-media":"","overlay-type":"","overlay-color":"","overlay-opacity":"","overlay-gradient":""},"tablet":{"background-color":"","background-image":"","background-repeat":"repeat","background-position":"center center","background-size":"auto","background-attachment":"scroll","background-type":"","background-media":"","overlay-type":"","overlay-color":"","overlay-opacity":"","overlay-gradient":""},"mobile":{"background-color":"","background-image":"","background-repeat":"repeat","background-position":"center center","background-size":"auto","background-attachment":"scroll","background-type":"","background-media":"","overlay-type":"","overlay-color":"","overlay-opacity":"","overlay-gradient":""}},"ast-content-background-meta":{"desktop":{"background-color":"var(--ast-global-color-5)","background-image":"","background-repeat":"repeat","background-position":"center center","background-size":"auto","background-attachment":"scroll","background-type":"","background-media":"","overlay-type":"","overlay-color":"","overlay-opacity":"","overlay-gradient":""},"tablet":{"background-color":"var(--ast-global-color-5)","background-image":"","background-repeat":"repeat","background-position":"center center","background-size":"auto","background-attachment":"scroll","background-type":"","background-media":"","overlay-type":"","overlay-color":"","overlay-opacity":"","overlay-gradient":""},"mobile":{"background-color":"var(--ast-global-color-5)","background-image":"","background-repeat":"repeat","background-position":"center center","background-size":"auto","background-attachment":"scroll","background-type":"","background-media":"","overlay-type":"","overlay-color":"","overlay-opacity":"","overlay-gradient":""}},"footnotes":""},"categories":[],"tags":[],"class_list":["post-227","post","type-post","status-publish","format-standard","hentry"],"_links":{"self":[{"href":"https:\/\/www.hispacomic.eu\/pt-pt\/wp-json\/wp\/v2\/posts\/227","targetHints":{"allow":["GET"]}}],"collection":[{"href":"https:\/\/www.hispacomic.eu\/pt-pt\/wp-json\/wp\/v2\/posts"}],"about":[{"href":"https:\/\/www.hispacomic.eu\/pt-pt\/wp-json\/wp\/v2\/types\/post"}],"author":[{"embeddable":true,"href":"https:\/\/www.hispacomic.eu\/pt-pt\/wp-json\/wp\/v2\/users\/1"}],"replies":[{"embeddable":true,"href":"https:\/\/www.hispacomic.eu\/pt-pt\/wp-json\/wp\/v2\/comments?post=227"}],"version-history":[{"count":3,"href":"https:\/\/www.hispacomic.eu\/pt-pt\/wp-json\/wp\/v2\/posts\/227\/revisions"}],"predecessor-version":[{"id":246,"href":"https:\/\/www.hispacomic.eu\/pt-pt\/wp-json\/wp\/v2\/posts\/227\/revisions\/246"}],"wp:attachment":[{"href":"https:\/\/www.hispacomic.eu\/pt-pt\/wp-json\/wp\/v2\/media?parent=227"}],"wp:term":[{"taxonomy":"category","embeddable":true,"href":"https:\/\/www.hispacomic.eu\/pt-pt\/wp-json\/wp\/v2\/categories?post=227"},{"taxonomy":"post_tag","embeddable":true,"href":"https:\/\/www.hispacomic.eu\/pt-pt\/wp-json\/wp\/v2\/tags?post=227"}],"curies":[{"name":"wp","href":"https:\/\/api.w.org\/{rel}","templated":true}]}}